{"id":4271,"date":"2022-03-31T13:44:44","date_gmt":"2022-03-31T13:44:44","guid":{"rendered":"https:\/\/urfeld-balance.de\/?p=4271"},"modified":"2022-03-31T13:44:46","modified_gmt":"2022-03-31T13:44:46","slug":"was-haben-ein-mobilfunkmast-und-ein-menschliches-gehirn-gemeinsam","status":"publish","type":"post","link":"https:\/\/urfeld-balance.de\/?p=4271","title":{"rendered":"Was haben ein Mobilfunkmast und ein menschliches Gehirn gemeinsam?"},"content":{"rendered":"\n<p class=\"wp-block-paragraph\">Diese sicherlich etwas ungew\u00f6hnliche Frage f\u00fchrt uns in ein tieferes Verst\u00e4ndnis der gegenw\u00e4rtigen Situation und dessen was getan werden kann.<\/p>\n\n\n\n<p class=\"wp-block-paragraph\">Die aktuelle Situation ist weltweit gepr\u00e4gt durch Angst vor Corona, einem Weltkrieg ggf. atomar, zumindest im \u201eWesten\u201c, China, Indien, Iran &#8230;. Andere Menschen weltweit &#8211; speziell in Afrika &#8211; erfahren andere Bedrohungen: Bereits jetzt B\u00fcrgerkriege, zus\u00e4tzlich Hunger, D\u00fcrre, Krankheiten, \u2026<\/p>\n\n\n\n<p class=\"wp-block-paragraph\">Zur\u00fcck zur einleitenden Frage der Gemeinsamkeit eines Mobilfunkmastes mit dem menschlichen Gehirn. Die Antwort: Beide verbreiten Strahlung. Der Mobilfunkmast verbreitet Hochfrequenzstrahlung, dass menschliche Gehirn ebenfalls messbare elektrische Felder. (Wobei die Felder des menschlichen Herzens circa 5.000-mal st\u00e4rker sind als die des Gehirns. Das HeartMath Institut erforscht diese Zusammenh\u00e4nge seit \u00fcber 20 Jahren.)<\/p>\n\n\n\n<p class=\"wp-block-paragraph\">Von der Ebene der messbaren elektrischen Felder und Strahlungen hier gesehen k\u00f6nnte man sagen, dass ein Mobilfunkmast \u201eschlimmer\u201c sei als das menschliche Gehirn\/Herz-System, weil er millionenfach st\u00e4rker strahlt. Es gibt jedoch eine wichtigere Betrachtungsweise. Ein Mobilfunkmast arbeitet in den uns bekannten drei Dimensionen allt\u00e4glich erfahrener Existenz. Das menschliche Gehirn aber ist \u201ebreitbandiger&#8220; &#8211; es arbeitet mit bis zu zw\u00f6lf Dimensionen. Das IFUR-Institut erforscht seit 23 Jahren diese zw\u00f6lf Dimensionen menschlicher Existenz und entwickelt Produkte auf Basis der 12-dimensionalen Feldtheorie von Burkhard Heim \u2013 und publiziert entsprechend. Diese 12 Dimensionen existieren real, sind aber nur f\u00fcr wenige Menschen erfahrbar. Und das menschliche Gehirn sendet im Gegensatz zum Mobilfunkmast unterschiedliche \u201eQualit\u00e4ten\u201c f\u00fcr menschliche Empf\u00e4nger. Von positiven \u00fcber neutrale bis hin zu negativen Botschaften.<\/p>\n\n\n\n<p class=\"wp-block-paragraph\">Unsere Beobachtung dazu: Seit zwei Jahren ist die Menschheit mit dem Corona-Virus konfrontiert. Ebenfalls seit circa zwei Jahren verbreitet sich in den h\u00f6herdimensionalen Ebenen menschlicher Existenz ein anderer Virus, ein \u201ementaler&#8220; Virus: Eine kollektive \u201eGedankenform\u201c, die durch Gedanken und Gef\u00fchle der Menschen erzeugt und gen\u00e4hrt wird. Dies ist die Gedankenform <strong>ANGST<\/strong>.<\/p>\n\n\n\n<p class=\"wp-block-paragraph\">Der Inhalt der Angst: Angst vor dem Corona-Virus, Angst sich anzustecken, Angst um liebe Menschen in der Familie und im Freundeskreis, Angst die wirtschaftliche Existenz zu verlieren etc.. Die Angst wird durch mediale Berichterstattung massiv verbreitet und gef\u00f6rdert. Die Gedankenform der Angst hat mittlerweile eine eigenst\u00e4ndige wesenhafte Existenz, so berichten Menschen mit erweiterter Wahrnehmung. Sie \u00fcbernimmt wie ein Parasit Denken, F\u00fchlen und Handeln der Menschen und veranlasst sie zu irrationalem Handeln, was die Angst wiederum noch verst\u00e4rkt und und immer mehr andere Menschen infiziert.<\/p>\n\n\n\n<p class=\"wp-block-paragraph\">Seit wenigen Wochen entsteht eine weitere Gedankenform: <strong>KRIEG<\/strong>. Ihr Inhalt: Wut, Hass, Rache, Schuldzuweisung, Totschlag und Krieg<\/p>\n\n\n\n<p class=\"wp-block-paragraph\">Und am Ereignishorizont erscheint die n\u00e4chste Gedankenform, die bereits im Keim vorhanden ist: Die <strong>VERZWEIFLUNG<\/strong>.<\/p>\n\n\n\n<p class=\"wp-block-paragraph\"><strong>Die Folgen<\/strong><\/p>\n\n\n\n<p class=\"wp-block-paragraph\">Die Gedankenformen der ANGST, KRIEG und VERZWEIFLUNG \u00fcbernehmen weltweit immer mehr das Bewusstsein der Menschen. Traumatische Erinnerungen und tief verborgene \u00c4ngste werden verst\u00e4rkt. Traumatische, epigenetische Pr\u00e4gungen durch Eltern und Gro\u00dfeltern werden ausgel\u00f6st. Dabei macht es keinen Unterschied, ob diese Erfahrung real gemacht wird oder am Fernsehbildschirm gesehen wird.<\/p>\n\n\n\n<p class=\"wp-block-paragraph\">Diese Gedankenformen bestimmen reflexartig Denken, F\u00fchlen und Handeln und \u00fcbernehmen und verdecken das Bewusstsein, das innere Licht, das in jedem Menschen von Geburt aus angelegt ist.<\/p>\n\n\n\n<p class=\"wp-block-paragraph\"><strong>Weitere Folgen<\/strong><\/p>\n\n\n\n<p class=\"wp-block-paragraph\">Unter dieser \u201e\u00dcbergriffigkeit&#8220; der Gedankenformen leiden zu einem gewissen Ma\u00df auch Menschen, deren inneres Licht bislang ausreichte, diese kollektive Gedankenform zu neutralisieren &#8211; in der Regel unter hohem Einsatz an Lebensenergie. Je intensiver die Einbindung in die herk\u00f6mmlichen gesellschaftlichen Strukturen und je sensibler der Mensch, desto anstrengender wird es. H\u00e4ufig wird dieser Energieverlust durch parasit\u00e4re Gedankenformen \u2013 auch von sensiblen Menschen \u2013 nicht bemerkt, da es ein vor ca. 2 Jahren beginnender, schleichender Vorgang ist und man sich daran gew\u00f6hnt hat. Erst die Harmonisierung dieser Gedankenformen macht sich deutlich und h\u00e4ufig innerhalb weniger Sekunden bemerkbar.<\/p>\n\n\n\n<p class=\"wp-block-paragraph\"><strong>Eine erste Hilfestellung<\/strong><\/p>\n\n\n\n<p class=\"wp-block-paragraph\">Aus diesem Grund hat das IFUR-Institut einen feinstofflich wirkenden Informationstr\u00e4ger entwickelt, der diese kollektiven Gedankenformen neutralisiert. Wir nennen ihn \u201eDNZ &#8211; Die Neue Zeit\u201c. Menschen, die von den genannten und anderen Gedankenformen befangen sind, werden gro\u00dfe Schwierigkeiten zu bew\u00e4ltigen haben, den Zugang zu einer neuen Zeit zu gewinnen.<\/p>\n\n\n\n<p class=\"wp-block-paragraph\">Diese Hilfe wird allen Menschen angeboten. Sie muss aber auch genutzt und verwendet werden, damit der Einfluss der genannten wesenhaften Gedankenformen \u00fcberwunden werden kann.<\/p>\n\n\n\n<ul class=\"wp-block-list\"><li>Anwender des DNZ-Informationstr\u00e4gers k\u00f6nnen sich von den Gedankenformen und -feldern abkoppeln<\/li><li>Klares Denken, angstfreies F\u00fchlen und innerer Friede werden wieder m\u00f6glich<\/li><li>Das Licht des inneren Bewusstseins kann wieder heller strahlen<\/li><li>Die Welt und die Menschen k\u00f6nnen mit mehr Mitgef\u00fchl und Liebe betrachtet werden<\/li><\/ul>\n\n\n\n<p class=\"wp-block-paragraph\">D<strong>ie neue Zeit<\/strong><\/p>\n\n\n\n<p class=\"wp-block-paragraph\">Viele religi\u00f6se Gruppierungen, Religionen und online-Portale bieten derzeit verst\u00e4rkt Hilfestellungen in dieser kritischen Situation. Der DNZ-Informationstr\u00e4ger ist eine weltanschaulich neutrale Hilfestellung f\u00fcr alle diese Wege und alle Menschen, da er Einfl\u00fcsse aus den kollektiven Gedankenfeldern harmonisiert. Den Weg muss nat\u00fcrlich jeder selber gehen. Die Situation bleibt, wie sie ist &#8211; aber der Weg wird leichter.<\/p>\n\n\n\n<p class=\"wp-block-paragraph\">Alle Wissenstraditionen und Religionen weltweit erwarten ein zuk\u00fcnftiges \u201eGoldenes Zeitalter\u201c, das als Licht &nbsp;am Ende des Tunnels intensiver Herausforderung und Transformation leuchtet, in den die Menschheit sich hinein bewegt. Wie werden die Menschen, die darin leben, denken, f\u00fchlen, handeln? Welches Bewusstsein wird in ihnen lebendig sein? Welches innere Licht leuchten?<\/p>\n\n\n\n<p class=\"wp-block-paragraph\">Folgen Sie dem inneren Licht Ihres Bewusstseins!<\/p>\n\n\n\n<p class=\"wp-block-paragraph\">HERZ-lich!<\/p>\n\n\n\n<p class=\"wp-block-paragraph\">Wolfgang K\u00fchl &#8211; Licht-Weiser<\/p>\n\n\n\n<p class=\"wp-block-paragraph\"><\/p>\n\n\n\n<figure class=\"wp-block-image size-large\"><a href=\"https:\/\/www.nature-in-harmony.com\/p\/die-neue-zeit-informationstraeger\"><img loading=\"lazy\" decoding=\"async\" width=\"1024\" height=\"401\" src=\"https:\/\/urfeld-balance.de\/wp-content\/uploads\/2022\/03\/DNZ-in-blog-1024x401.png\" alt=\"\" class=\"wp-image-4273\" srcset=\"https:\/\/urfeld-balance.de\/wp-content\/uploads\/2022\/03\/DNZ-in-blog-1024x401.png 1024w, https:\/\/urfeld-balance.de\/wp-content\/uploads\/2022\/03\/DNZ-in-blog-300x117.png 300w, https:\/\/urfeld-balance.de\/wp-content\/uploads\/2022\/03\/DNZ-in-blog-768x301.png 768w, https:\/\/urfeld-balance.de\/wp-content\/uploads\/2022\/03\/DNZ-in-blog-1536x601.png 1536w, https:\/\/urfeld-balance.de\/wp-content\/uploads\/2022\/03\/DNZ-in-blog.png 1673w\" sizes=\"auto, (max-width: 1024px) 100vw, 1024px\" \/><\/a><\/figure>\n\n\n\n<p class=\"wp-block-paragraph\"><strong>Anwendungshinweise<\/strong><\/p>\n\n\n\n<ul class=\"wp-block-list\"><li>Der DNZ-Informationstr\u00e4ger neutralisiert die Auswirkungen kollektiver negativer Gedankenformen, die auf den Anwender einwirken<\/li><li>Der DNZ-Informationstr\u00e4ger nutzt Strahlungsfelder aller Art als Tr\u00e4germedium f\u00fcr seine Information, die von WLAN, DECT, Smartphone, Naturharmoniestationen, PowerTower, Cloudbuster, Orgonite, usw. ausgehen<\/li><li>Zu beachten ist dabei, dass die Quellen dieser Strahlungsfelder sich in der unmittelbaren Umgebung des Anwenders und damit in seinem Einflussbereich befindet m\u00fcssen \u2013 so z.B. die Naturharmoniestation im eigenen Garten oder das DECT Telefon im eigenen Haus.<\/li><li>Der jeweilige Strahlungsradius der genutzten Ger\u00e4te baut in Verbindung mit dem DNZ-Informationstr\u00e4ger einen \u201eSchutz-Dom\u201c auf.<\/li><li>Der DNZ-Informationstr\u00e4ger wird auf die genannten Ger\u00e4te im Innen- oder Au\u00dfenbereich geklebt. Er ist wetterfest.<\/li><li>Die Anzahl der DNZ-Informationstr\u00e4ger, die ben\u00f6tigt werden, um den Schutz-Dom aufzubauen bemisst sich nicht nach Quadratmeter der Wohnfl\u00e4che, sondern nach der Intensit\u00e4t der kollektiven Gedankenformen &#8211; diese ist abh\u00e4ngig von der Anzahl der Menschen im Einzugsbereich.<br>Innenstadtbereiche erzeugen aufgrund der h\u00f6here Bev\u00f6lkerungsdichte st\u00e4rkere Gedankenfelder als l\u00e4ndliche Wohnbereiche. In der Regel sind 2 bis 4 DNZ-Informationstr\u00e4ger ausreichend. Erh\u00f6hen Sie nacheinander die Anzahl der DNZ-Informationstr\u00e4ger, bis sie keine sp\u00fcrbare Verbesserung mehr wahrnehmen. Dann haben Sie die optimale Anzahl der DNZ-Informationstr\u00e4ger f\u00fcr Ihre Wohnsituation erreicht. Wenn Sie beispielsweise einen DNZ-Informationstr\u00e4ger \u201ezu viel\u201c haben, bewahren Sie diesen als Reserve, denn die Intensit\u00e4t und Art der kollektiven Gedankenformen wird mit gr\u00f6\u00dfter Wahrscheinlichkeit zunehmen. Oder sie geben ihn weiter.<\/li><li>Der DNZ-Informationstr\u00e4ger wirkt nicht bei Belastung durch Elektrosmog. Hierf\u00fcr finden Sie geeignete Produkte in unserem Shop.<\/li><li>F\u00fcr \u201eunterwegs\u201c empfiehlt es sich zum Beispiel das eigene Smartphone mit einem DNZ-Informationstr\u00e4ger zu versehen, f\u00fcr die Wirkung des Informationstr\u00e4ger muss dieses mindestens im stand-by-Modus sein.<\/li><\/ul>\n\n\n\n<figure class=\"wp-block-image size-large\"><img loading=\"lazy\" decoding=\"async\" width=\"1024\" height=\"393\" src=\"https:\/\/urfeld-balance.de\/wp-content\/uploads\/2022\/03\/DNZ-grafik-1024x393.png\" alt=\"\" class=\"wp-image-4274\" srcset=\"https:\/\/urfeld-balance.de\/wp-content\/uploads\/2022\/03\/DNZ-grafik-1024x393.png 1024w, https:\/\/urfeld-balance.de\/wp-content\/uploads\/2022\/03\/DNZ-grafik-300x115.png 300w, https:\/\/urfeld-balance.de\/wp-content\/uploads\/2022\/03\/DNZ-grafik-768x295.png 768w, https:\/\/urfeld-balance.de\/wp-content\/uploads\/2022\/03\/DNZ-grafik-1536x589.png 1536w, https:\/\/urfeld-balance.de\/wp-content\/uploads\/2022\/03\/DNZ-grafik-2048x786.png 2048w\" sizes=\"auto, (max-width: 1024px) 100vw, 1024px\" \/><\/figure>\n","protected":false},"excerpt":{"rendered":"<p>Diese sicherlich etwas ungew\u00f6hnliche Frage f\u00fchrt uns in ein tieferes Verst\u00e4ndnis der gegenw\u00e4rtigen Situation und dessen was getan werden kann. Die aktuelle Situation ist weltweit gepr\u00e4gt durch Angst vor Corona, [&hellip;]<\/p>\n","protected":false},"author":1,"featured_media":0,"comment_status":"open","ping_status":"open","sticky":false,"template":"","format":"standard","meta":{"footnotes":""},"categories":[1],"tags":[],"class_list":["post-4271","post","type-post","status-publish","format-standard","hentry","category-uncategorized"],"_links":{"self":[{"href":"https:\/\/urfeld-balance.de\/index.php?rest_route=\/wp\/v2\/posts\/4271","targetHints":{"allow":["GET"]}}],"collection":[{"href":"https:\/\/urfeld-balance.de\/index.php?rest_route=\/wp\/v2\/posts"}],"about":[{"href":"https:\/\/urfeld-balance.de\/index.php?rest_route=\/wp\/v2\/types\/post"}],"author":[{"embeddable":true,"href":"https:\/\/urfeld-balance.de\/index.php?rest_route=\/wp\/v2\/users\/1"}],"replies":[{"embeddable":true,"href":"https:\/\/urfeld-balance.de\/index.php?rest_route=%2Fwp%2Fv2%2Fcomments&post=4271"}],"version-history":[{"count":2,"href":"https:\/\/urfeld-balance.de\/index.php?rest_route=\/wp\/v2\/posts\/4271\/revisions"}],"predecessor-version":[{"id":4276,"href":"https:\/\/urfeld-balance.de\/index.php?rest_route=\/wp\/v2\/posts\/4271\/revisions\/4276"}],"wp:attachment":[{"href":"https:\/\/urfeld-balance.de\/index.php?rest_route=%2Fwp%2Fv2%2Fmedia&parent=4271"}],"wp:term":[{"taxonomy":"category","embeddable":true,"href":"https:\/\/urfeld-balance.de\/index.php?rest_route=%2Fwp%2Fv2%2Fcategories&post=4271"},{"taxonomy":"post_tag","embeddable":true,"href":"https:\/\/urfeld-balance.de\/index.php?rest_route=%2Fwp%2Fv2%2Ftags&post=4271"}],"curies":[{"name":"wp","href":"https:\/\/api.w.org\/{rel}","templated":true}]}}